{"id":2057,"date":"2022-12-18T15:29:08","date_gmt":"2022-12-18T14:29:08","guid":{"rendered":"https:\/\/tus-nord.de\/tus2\/?p=2057"},"modified":"2022-12-18T15:34:54","modified_gmt":"2022-12-18T14:34:54","slug":"u17-startet-in-die-saison-2022-23","status":"publish","type":"post","link":"https:\/\/tus-nord.de\/tus2\/u17-startet-in-die-saison-2022-23\/","title":{"rendered":"U17 &#8211; Startet in die Saison 2022\/23"},"content":{"rendered":"<p><img loading=\"lazy\" decoding=\"async\" class=\"size-medium wp-image-2056 alignleft\" src=\"https:\/\/tus-nord.de\/tus2\/wp-content\/uploads\/2022\/12\/ae69cbf2-cc18-4b9b-883b-7312b2f674cb-300x200.jpg\" alt=\"Mannschaftsbild U17 - Saison 2022\/23\" width=\"300\" height=\"200\" srcset=\"https:\/\/tus-nord.de\/tus2\/wp-content\/uploads\/2022\/12\/ae69cbf2-cc18-4b9b-883b-7312b2f674cb-300x200.jpg 300w, https:\/\/tus-nord.de\/tus2\/wp-content\/uploads\/2022\/12\/ae69cbf2-cc18-4b9b-883b-7312b2f674cb-1024x683.jpg 1024w, https:\/\/tus-nord.de\/tus2\/wp-content\/uploads\/2022\/12\/ae69cbf2-cc18-4b9b-883b-7312b2f674cb-768x512.jpg 768w, https:\/\/tus-nord.de\/tus2\/wp-content\/uploads\/2022\/12\/ae69cbf2-cc18-4b9b-883b-7312b2f674cb-1536x1024.jpg 1536w, https:\/\/tus-nord.de\/tus2\/wp-content\/uploads\/2022\/12\/ae69cbf2-cc18-4b9b-883b-7312b2f674cb.jpg 2048w\" sizes=\"auto, (max-width: 300px) 100vw, 300px\" \/>Der Saisonstart 2022\/23 fand f\u00fcr unsere U17 dieses Wochenende in Krefeld H\u00fcls statt.<\/p>\n<p>Das Team ist dieses Jahr mit einem neuen Trikotsatz der AXA Agentur Markus van Susteren aus Meerbusch ausgestattet. An dieser Stelle &#8211; im Namen der Mannschaft &#8211; einen herzlichen Dank f\u00fcr die Unterst\u00fctzung.<!--more--><\/p>\n<p>Der junge Kader der U17 hatte in den letzten Wochen mit vielen gesundheitlichen Ausf\u00e4llen zu k\u00e4mpfen und war auch an diesem Spieltag nicht vollst\u00e4ndig.\u00a0<img loading=\"lazy\" decoding=\"async\" class=\"size-medium wp-image-2055 alignright\" src=\"https:\/\/tus-nord.de\/tus2\/wp-content\/uploads\/2022\/12\/516bfaaa-db0b-4a60-be6b-f2a88efb538b-200x300.jpg\" alt=\"Rollschuh mit gebrochener Achse\" width=\"200\" height=\"300\" srcset=\"https:\/\/tus-nord.de\/tus2\/wp-content\/uploads\/2022\/12\/516bfaaa-db0b-4a60-be6b-f2a88efb538b-200x300.jpg 200w, https:\/\/tus-nord.de\/tus2\/wp-content\/uploads\/2022\/12\/516bfaaa-db0b-4a60-be6b-f2a88efb538b-683x1024.jpg 683w, https:\/\/tus-nord.de\/tus2\/wp-content\/uploads\/2022\/12\/516bfaaa-db0b-4a60-be6b-f2a88efb538b-768x1152.jpg 768w, https:\/\/tus-nord.de\/tus2\/wp-content\/uploads\/2022\/12\/516bfaaa-db0b-4a60-be6b-f2a88efb538b-1024x1536.jpg 1024w, https:\/\/tus-nord.de\/tus2\/wp-content\/uploads\/2022\/12\/516bfaaa-db0b-4a60-be6b-f2a88efb538b.jpg 1365w\" sizes=\"auto, (max-width: 200px) 100vw, 200px\" \/>Bereits in den ersten Spielminuten gegen die RSG Ruhr f\u00fchrte ein Schlagschuss gegen den Rollschuh zum n\u00e4chsten Ausfall. Jessica fiel, mit gebrochener Achse, f\u00fcr den weiteren Spieltag aus. Damit fehlte neben Amelie eine weitere Leistungstr\u00e4gerin.<\/p>\n<p>Auch im weiteren Spielverlauf kam das TuS-Team nicht wirklich in den Spielfluss und lag zur Halbzeit bereits mit 2:0 im R\u00fcckstand. Matteos Anschlusstreffer zum 2:1 konnte keine Wende des Spielverlaufs einleiten. Am Ende stand es 4:1.<\/p>\n<p>Nach einer 15 min\u00fctigen Pause ging es direkt ins Spiel gegen die SK Germania Herringen. Jan Kutschas Team steigerte sich und hatte eine st\u00e4rkere Pr\u00e4senz auf dem Platz. Leider fiel nach einem zweifach abgef\u00e4lschten zentralen Schuss der Gegentreffer zum 0:1. Auf beiden Seiten gab es viele Chancen, die durch die hervorragend spielenden Torh\u00fcter auf beiden Seiten vereitelt wurden.<\/p>\n<p>Der Saisonstart verlief nicht wie gew\u00fcnscht, aber die Leistungssteigerung macht Lust auf mehr und im komplettierten Team erh\u00f6hen sich auch die Gewinnchancen.<\/p>\n","protected":false},"excerpt":{"rendered":"<p>Der Saisonstart 2022\/23 fand f\u00fcr unsere U17 dieses Wochenende in Krefeld H\u00fcls statt. Das Team ist dieses Jahr mit einem [&hellip;]<\/p>\n","protected":false},"author":1,"featured_media":0,"comment_status":"closed","ping_status":"closed","sticky":false,"template":"","format":"standard","meta":{"_uag_custom_page_level_css":"","site-sidebar-layout":"default","site-content-layout":"","ast-site-content-layout":"","site-content-style":"default","site-sidebar-style":"default","ast-global-header-display":"","ast-banner-title-visibility":"","ast-main-header-display":"","ast-hfb-above-header-display":"","ast-hfb-below-header-display":"","ast-hfb-mobile-header-display":"","site-post-title":"","ast-breadcrumbs-content":"","ast-featured-img":"","footer-sml-layout":"","theme-transparent-header-meta":"","adv-header-id-meta":"","stick-header-meta":"","header-above-stick-meta":"","header-main-stick-meta":"","header-below-stick-meta":"","astra-migrate-meta-layouts":"default","ast-page-background-enabled":"default","ast-page-background-meta":{"desktop":{"background-color":"var(--ast-global-color-5)","background-image":"","background-repeat":"repeat","background-position":"center center","background-size":"auto","background-attachment":"scroll","background-type":"","background-media":"","overlay-type":"","overlay-color":"","overlay-opacity":"","overlay-gradient":""},"tablet":{"background-color":"","background-image":"","background-repeat":"repeat","background-position":"center center","background-size":"auto","background-attachment":"scroll","background-type":"","background-media":"","overlay-type":"","overlay-color":"","overlay-opacity":"","overlay-gradient":""},"mobile":{"background-color":"","background-image":"","background-repeat":"repeat","background-position":"center center","background-size":"auto","background-attachment":"scroll","background-type":"","background-media":"","overlay-type":"","overlay-color":"","overlay-opacity":"","overlay-gradient":""}},"ast-content-background-meta":{"desktop":{"background-color":"var(--ast-global-color-4)","background-image":"","background-repeat":"repeat","background-position":"center center","background-size":"auto","background-attachment":"scroll","background-type":"","background-media":"","overlay-type":"","overlay-color":"","overlay-opacity":"","overlay-gradient":""},"tablet":{"background-color":"var(--ast-global-color-4)","background-image":"","background-repeat":"repeat","background-position":"center center","background-size":"auto","background-attachment":"scroll","background-type":"","background-media":"","overlay-type":"","overlay-color":"","overlay-opacity":"","overlay-gradient":""},"mobile":{"background-color":"var(--ast-global-color-4)","background-image":"","background-repeat":"repeat","background-position":"center center","background-size":"auto","background-attachment":"scroll","background-type":"","background-media":"","overlay-type":"","overlay-color":"","overlay-opacity":"","overlay-gradient":""}},"footnotes":""},"categories":[20],"tags":[],"class_list":["post-2057","post","type-post","status-publish","format-standard","hentry","category-u17"],"uagb_featured_image_src":{"full":false,"thumbnail":false,"medium":false,"medium_large":false,"large":false,"1536x1536":false,"2048x2048":false},"uagb_author_info":{"display_name":"rhAdmin@wp","author_link":"https:\/\/tus-nord.de\/tus2\/author\/rhadminwp\/"},"uagb_comment_info":0,"uagb_excerpt":"Der Saisonstart 2022\/23 fand f\u00fcr unsere U17 dieses Wochenende in Krefeld H\u00fcls statt. Das Team ist dieses Jahr mit einem [&hellip;]","_links":{"self":[{"href":"https:\/\/tus-nord.de\/tus2\/wp-json\/wp\/v2\/posts\/2057","targetHints":{"allow":["GET"]}}],"collection":[{"href":"https:\/\/tus-nord.de\/tus2\/wp-json\/wp\/v2\/posts"}],"about":[{"href":"https:\/\/tus-nord.de\/tus2\/wp-json\/wp\/v2\/types\/post"}],"author":[{"embeddable":true,"href":"https:\/\/tus-nord.de\/tus2\/wp-json\/wp\/v2\/users\/1"}],"replies":[{"embeddable":true,"href":"https:\/\/tus-nord.de\/tus2\/wp-json\/wp\/v2\/comments?post=2057"}],"version-history":[{"count":5,"href":"https:\/\/tus-nord.de\/tus2\/wp-json\/wp\/v2\/posts\/2057\/revisions"}],"predecessor-version":[{"id":2062,"href":"https:\/\/tus-nord.de\/tus2\/wp-json\/wp\/v2\/posts\/2057\/revisions\/2062"}],"wp:attachment":[{"href":"https:\/\/tus-nord.de\/tus2\/wp-json\/wp\/v2\/media?parent=2057"}],"wp:term":[{"taxonomy":"category","embeddable":true,"href":"https:\/\/tus-nord.de\/tus2\/wp-json\/wp\/v2\/categories?post=2057"},{"taxonomy":"post_tag","embeddable":true,"href":"https:\/\/tus-nord.de\/tus2\/wp-json\/wp\/v2\/tags?post=2057"}],"curies":[{"name":"wp","href":"https:\/\/api.w.org\/{rel}","templated":true}]}}