{"id":2138,"date":"2023-01-16T08:07:39","date_gmt":"2023-01-16T07:07:39","guid":{"rendered":"https:\/\/tus-nord.de\/tus2\/?p=2138"},"modified":"2023-01-17T09:58:36","modified_gmt":"2023-01-17T08:58:36","slug":"u17-2-spieltag","status":"publish","type":"post","link":"https:\/\/tus-nord.de\/tus2\/u17-2-spieltag\/","title":{"rendered":"U17: 2. Spieltag"},"content":{"rendered":"<figure id=\"attachment_2137\" aria-describedby=\"caption-attachment-2137\" style=\"width: 300px\" class=\"wp-caption alignleft\"><img loading=\"lazy\" decoding=\"async\" class=\"size-medium wp-image-2137\" src=\"https:\/\/tus-nord.de\/tus2\/wp-content\/uploads\/2023\/01\/Bericht-300x200.jpg\" alt=\"\" width=\"300\" height=\"200\" srcset=\"https:\/\/tus-nord.de\/tus2\/wp-content\/uploads\/2023\/01\/Bericht-300x200.jpg 300w, https:\/\/tus-nord.de\/tus2\/wp-content\/uploads\/2023\/01\/Bericht-1024x683.jpg 1024w, https:\/\/tus-nord.de\/tus2\/wp-content\/uploads\/2023\/01\/Bericht-768x512.jpg 768w, https:\/\/tus-nord.de\/tus2\/wp-content\/uploads\/2023\/01\/Bericht-1536x1024.jpg 1536w, https:\/\/tus-nord.de\/tus2\/wp-content\/uploads\/2023\/01\/Bericht-2048x1365.jpg 2048w\" sizes=\"auto, (max-width: 300px) 100vw, 300px\" \/><figcaption id=\"caption-attachment-2137\" class=\"wp-caption-text\">Ein Pfostentreffer von Frieda im Spiel TuS D\u00fcsseldorf-Nord gegen Cronenberg<\/figcaption><\/figure>\n<p>Der 2. Spieltag der U17 fand in eigener Halle statt. Im ersten Spiel stand die Mannschaft von Jan Kutscha und Jonas Pink gegen Cronenberg II auf den Platz. Cronenbergs Reserve setzte sich aus den SpielerInnen des U15 Deutschen Meister Teams 2021\/22 zusammen &#8211; ein Schwergewicht am fr\u00fchen Sonntag Morgen f\u00fcr die D\u00fcsseldorfer. <!--more--><\/p>\n<p>Cronenberg II hatte Ansto\u00df und startete wie gewohnt offensiv, dem die TuS Mannschaft durch eine gut organisierte und konzentrierte Abwehrleistung problemlos entgegenstand.\u00a0Mit dem ersten Ballgewinn des TuS-Nord startete Matteo den ersten Angriff \u00fcber die linke Flanke und bekam den Freiraum einen Schuss anzusetzen und brachte sein TuS-Team in der 1. Minute in F\u00fchrung.<\/p>\n<div style=\"width: 1920px;\" class=\"wp-video\"><video class=\"wp-video-shortcode\" id=\"video-2138-1\" width=\"1920\" height=\"1080\" preload=\"metadata\" controls=\"controls\"><source type=\"video\/mp4\" src=\"https:\/\/tus-nord.de\/tus2\/wp-content\/uploads\/2023\/01\/u17TuSCro2Jan2023.mp4?_=1\" \/><a href=\"https:\/\/tus-nord.de\/tus2\/wp-content\/uploads\/2023\/01\/u17TuSCro2Jan2023.mp4\">https:\/\/tus-nord.de\/tus2\/wp-content\/uploads\/2023\/01\/u17TuSCro2Jan2023.mp4<\/a><\/video><\/div>\n<h6>Video 1: Treffer zur 1:0 F\u00fchrung gegen Cronenberg<\/h6>\n<p>Cronenberg wollte den R\u00fcckstand ausgleichen und der TuS die F\u00fchrung ausweiten. Auf Augenh\u00f6he ging es von Tor zu Tor, indem beide Torh\u00fcter ihr Qualit\u00e4ten pr\u00e4sentierten und keinen weiteren Treffer zulie\u00dfen. Lukas vereitelte nicht nur die Sch\u00fcsse aufs TuS Tor, sondern sicherte seiner Mannschaft die F\u00fchrung in dem er einen 6m Strafsto\u00df hielt.<\/p>\n<p>Das Spiel behielt durchgehend das hohes Niveau bei. Selbst der Ausgleich in der 24. Minute ver\u00e4nderte die ausgeglichenen Spielanteile nicht. Eine dramatische Schlussphase wurde durch die Cronenberger F\u00fchrung in der 30. Minute eingeleitet. Es blieben nur noch Sekunden auf der Uhr als der Ansto\u00df der TuS bereits andeutete, dass das Spiel f\u00fcr sie noch nicht verloren war.<\/p>\n<p>Ein Cronenberger Foul &#8211; 11 Sekunden vor Schlu\u00df &#8211; lie\u00df das TuS Team noch einmal Formation annehmen und erm\u00f6glichte mit den folgenden Freisto\u00df die Chance zum Ausgleich. Es gelang erneut Matteo den Ball \u00fcber den Innenpfosten ins Tor zu lenken, der vom Torwart so abgelenkt wurde, dass am Ende der Ball wieder an der Linie lag. Leider konnte der Schiedsrichter den Ball hinter der Linie nicht einsehen und entschied gegen den Treffer. Der tragische Ausgang f\u00fcr das TuS Team war damit besiegelt. Die bittere 1:2 Niederlage spiegelt die gute Leistung nicht wider, aber zeigt deutliche Leistungssteigerungen zum 1. Spieltag.<\/p>\n<div style=\"width: 1920px;\" class=\"wp-video\"><video class=\"wp-video-shortcode\" id=\"video-2138-2\" width=\"1920\" height=\"1080\" preload=\"metadata\" controls=\"controls\"><source type=\"video\/mp4\" src=\"https:\/\/tus-nord.de\/tus2\/wp-content\/uploads\/2023\/01\/nichtAnerkanntesTorU17Cro2Jan2023.mp4?_=2\" \/><a href=\"https:\/\/tus-nord.de\/tus2\/wp-content\/uploads\/2023\/01\/nichtAnerkanntesTorU17Cro2Jan2023.mp4\">https:\/\/tus-nord.de\/tus2\/wp-content\/uploads\/2023\/01\/nichtAnerkanntesTorU17Cro2Jan2023.mp4<\/a><\/video><\/div>\n<h6>Video 2: Treffer, oder nicht? Eine schwierige Entscheidung aus dieser Perspektive.<\/h6>\n<p><span style=\"font-size: 1.125rem;\">Im Anschluss s<\/span>pielten<span style=\"font-size: 1.125rem;\">\u00a0Darmstadt und\u00a0Cronenberg II gegen Krefeld H\u00fcls. Krefeld verlor beide Spiele mit 8:1 und 6:0.\u00a0<\/span><\/p>\n<p><span style=\"font-size: 1.125rem;\">Das zweite Spiel des TuS Teams war ein\u00a0<\/span>Kr\u00e4ftemessen<span style=\"font-size: 1.125rem;\">\u00a0mit den Darmst\u00e4dtern, die aus den Spielern des U15 Vizemeister-Teams 2021\/22\u00a0<\/span>bestand. In dem au\u00dfergew\u00f6hnlich fairen Spiel war das TuS Team in der 1. Halbzeit dominant und konnte die Damst\u00e4dter Konter gut abwehren. Amelie traf in der 9. Minute zum 1:0 und brachte das TuS Team in F\u00fchrung.<\/p>\n<div style=\"width: 1920px;\" class=\"wp-video\"><video class=\"wp-video-shortcode\" id=\"video-2138-3\" width=\"1920\" height=\"1080\" preload=\"metadata\" controls=\"controls\"><source type=\"video\/mp4\" src=\"https:\/\/tus-nord.de\/tus2\/wp-content\/uploads\/2023\/01\/U17_TuSDarmstadtJan2023.mp4?_=3\" \/><a href=\"https:\/\/tus-nord.de\/tus2\/wp-content\/uploads\/2023\/01\/U17_TuSDarmstadtJan2023.mp4\">https:\/\/tus-nord.de\/tus2\/wp-content\/uploads\/2023\/01\/U17_TuSDarmstadtJan2023.mp4<\/a><\/video><\/div>\n<h6>Video 3: Amelie trifft zum 1:0 gegen Darmstadt<\/h6>\n<p>In der Halbzeitpause brachte der Damst\u00e4dter Trainer Frank Vytrisal sein Team auf Spur. Die ersten Minuten nach Wiederanpfiff wurde der Druck auf die TuS Verteidigung erh\u00f6ht und die Darmst\u00e4dter belohnten sich mit dem Ausgleich. Der weitere Spielverlauf war durch beidseitige Chancen gesegnet, was die Spannung hoch hielt und die Zuschauer freute. Am Ende Stand ein verdientes 1:1 auf der Anzeigetafel.<\/p>\n<p>Am 29. Januar 2023 findet der 3. Spieltag in Remscheid Hackenberg statt. Dann stehen Cronenberg I und Remscheid auf dem Spielplan. Wir freuen uns drauf.<\/p>\n","protected":false},"excerpt":{"rendered":"<p>Der 2. Spieltag der U17 fand in eigener Halle statt. Im ersten Spiel stand die Mannschaft von Jan Kutscha und [&hellip;]<\/p>\n","protected":false},"author":1,"featured_media":0,"comment_status":"closed","ping_status":"closed","sticky":false,"template":"","format":"standard","meta":{"_uag_custom_page_level_css":"","site-sidebar-layout":"default","site-content-layout":"","ast-site-content-layout":"","site-content-style":"default","site-sidebar-style":"default","ast-global-header-display":"","ast-banner-title-visibility":"","ast-main-header-display":"","ast-hfb-above-header-display":"","ast-hfb-below-header-display":"","ast-hfb-mobile-header-display":"","site-post-title":"","ast-breadcrumbs-content":"","ast-featured-img":"","footer-sml-layout":"","theme-transparent-header-meta":"","adv-header-id-meta":"","stick-header-meta":"","header-above-stick-meta":"","header-main-stick-meta":"","header-below-stick-meta":"","astra-migrate-meta-layouts":"default","ast-page-background-enabled":"default","ast-page-background-meta":{"desktop":{"background-color":"var(--ast-global-color-5)","background-image":"","background-repeat":"repeat","background-position":"center center","background-size":"auto","background-attachment":"scroll","background-type":"","background-media":"","overlay-type":"","overlay-color":"","overlay-opacity":"","overlay-gradient":""},"tablet":{"background-color":"","background-image":"","background-repeat":"repeat","background-position":"center center","background-size":"auto","background-attachment":"scroll","background-type":"","background-media":"","overlay-type":"","overlay-color":"","overlay-opacity":"","overlay-gradient":""},"mobile":{"background-color":"","background-image":"","background-repeat":"repeat","background-position":"center center","background-size":"auto","background-attachment":"scroll","background-type":"","background-media":"","overlay-type":"","overlay-color":"","overlay-opacity":"","overlay-gradient":""}},"ast-content-background-meta":{"desktop":{"background-color":"var(--ast-global-color-4)","background-image":"","background-repeat":"repeat","background-position":"center center","background-size":"auto","background-attachment":"scroll","background-type":"","background-media":"","overlay-type":"","overlay-color":"","overlay-opacity":"","overlay-gradient":""},"tablet":{"background-color":"var(--ast-global-color-4)","background-image":"","background-repeat":"repeat","background-position":"center center","background-size":"auto","background-attachment":"scroll","background-type":"","background-media":"","overlay-type":"","overlay-color":"","overlay-opacity":"","overlay-gradient":""},"mobile":{"background-color":"var(--ast-global-color-4)","background-image":"","background-repeat":"repeat","background-position":"center center","background-size":"auto","background-attachment":"scroll","background-type":"","background-media":"","overlay-type":"","overlay-color":"","overlay-opacity":"","overlay-gradient":""}},"footnotes":""},"categories":[20],"tags":[],"class_list":["post-2138","post","type-post","status-publish","format-standard","hentry","category-u17"],"uagb_featured_image_src":{"full":false,"thumbnail":false,"medium":false,"medium_large":false,"large":false,"1536x1536":false,"2048x2048":false},"uagb_author_info":{"display_name":"rhAdmin@wp","author_link":"https:\/\/tus-nord.de\/tus2\/author\/rhadminwp\/"},"uagb_comment_info":0,"uagb_excerpt":"Der 2. Spieltag der U17 fand in eigener Halle statt. Im ersten Spiel stand die Mannschaft von Jan Kutscha und [&hellip;]","_links":{"self":[{"href":"https:\/\/tus-nord.de\/tus2\/wp-json\/wp\/v2\/posts\/2138","targetHints":{"allow":["GET"]}}],"collection":[{"href":"https:\/\/tus-nord.de\/tus2\/wp-json\/wp\/v2\/posts"}],"about":[{"href":"https:\/\/tus-nord.de\/tus2\/wp-json\/wp\/v2\/types\/post"}],"author":[{"embeddable":true,"href":"https:\/\/tus-nord.de\/tus2\/wp-json\/wp\/v2\/users\/1"}],"replies":[{"embeddable":true,"href":"https:\/\/tus-nord.de\/tus2\/wp-json\/wp\/v2\/comments?post=2138"}],"version-history":[{"count":12,"href":"https:\/\/tus-nord.de\/tus2\/wp-json\/wp\/v2\/posts\/2138\/revisions"}],"predecessor-version":[{"id":2160,"href":"https:\/\/tus-nord.de\/tus2\/wp-json\/wp\/v2\/posts\/2138\/revisions\/2160"}],"wp:attachment":[{"href":"https:\/\/tus-nord.de\/tus2\/wp-json\/wp\/v2\/media?parent=2138"}],"wp:term":[{"taxonomy":"category","embeddable":true,"href":"https:\/\/tus-nord.de\/tus2\/wp-json\/wp\/v2\/categories?post=2138"},{"taxonomy":"post_tag","embeddable":true,"href":"https:\/\/tus-nord.de\/tus2\/wp-json\/wp\/v2\/tags?post=2138"}],"curies":[{"name":"wp","href":"https:\/\/api.w.org\/{rel}","templated":true}]}}