{"id":2181,"date":"2023-01-31T23:04:49","date_gmt":"2023-01-31T22:04:49","guid":{"rendered":"https:\/\/tus-nord.de\/tus2\/?p=2181"},"modified":"2023-01-31T23:04:49","modified_gmt":"2023-01-31T22:04:49","slug":"u17-3-spieltag","status":"publish","type":"post","link":"https:\/\/tus-nord.de\/tus2\/u17-3-spieltag\/","title":{"rendered":"U17: 3. Spieltag"},"content":{"rendered":"<p><img loading=\"lazy\" decoding=\"async\" class=\"size-medium wp-image-2183 alignright\" src=\"https:\/\/tus-nord.de\/tus2\/wp-content\/uploads\/2023\/01\/IMG_ABDCFEBC6832-1-e1675196736906-300x225.jpeg\" alt=\"\" width=\"300\" height=\"225\" srcset=\"https:\/\/tus-nord.de\/tus2\/wp-content\/uploads\/2023\/01\/IMG_ABDCFEBC6832-1-e1675196736906-300x225.jpeg 300w, https:\/\/tus-nord.de\/tus2\/wp-content\/uploads\/2023\/01\/IMG_ABDCFEBC6832-1-e1675196736906-1024x769.jpeg 1024w, https:\/\/tus-nord.de\/tus2\/wp-content\/uploads\/2023\/01\/IMG_ABDCFEBC6832-1-e1675196736906-768x577.jpeg 768w, https:\/\/tus-nord.de\/tus2\/wp-content\/uploads\/2023\/01\/IMG_ABDCFEBC6832-1-e1675196736906-600x450.jpeg 600w, https:\/\/tus-nord.de\/tus2\/wp-content\/uploads\/2023\/01\/IMG_ABDCFEBC6832-1-e1675196736906.jpeg 1377w\" sizes=\"auto, (max-width: 300px) 100vw, 300px\" \/>Nachdem es am letzten Spieltag in eigener Halle eine knappe Niederlage gegen Cronenberg II gab, stand nun Cronenberg I als Gegner auf dem Platz.<\/p>\n<p>Nach einem fr\u00fchen R\u00fcckstand konnte der TuS nach Toren von Matteo, Jessica und Finn bis zur 7. Minute das Spiel drehen. Kurz vor der Halbzeit verk\u00fcrzten die Wuppertaler durch ein Penalty auf 3:2.<\/p>\n<p>Cronenberg machte weiter Druck und traf mehrfach den Torrahmen oder scheiterte an Lukas, der hoch konzentriert und mit einer tollen Tagesleistung die F\u00fchrung bis zum Ausgleich in der 24. Minute aufrecht hielt. Unbeeindruckt spielte der TuS seine Angriffe aus, bis in der 28. Minute Matteo zum Siegtreffer und Endstand 4:3 traf. Die ersten 3 Punkte in dieser Saison.<\/p>\n<p>Das Folgespiel gegen die Gastgeber aus Remscheid war durch fr\u00fche Tore gepr\u00e4gt. In der 3. Minute traf Frieda zur 0:1 F\u00fchrung f\u00fcr den TuS. In den Minuten nach dem Treffer war das Spiel der D\u00fcsseldorfer ein wenig unkonzentriert. Die Remscheider Mannschaft nutze dies aus und traf in der 4. und 6. Minute zur 2:1 F\u00fchrung. Der TuS hat sich nach dem R\u00fcckstand gefangen und steigerte seine Leistung in der 2. Halbzeit nochmals, ein weiterer Treffer fiel in der Partie aber nicht mehr.<\/p>\n<p>Am 12. Februar 2023 geht es nach M\u00f6nchengladbach gegen H\u00fcls und Cronenberg II.<\/p>\n","protected":false},"excerpt":{"rendered":"<p>Nachdem es am letzten Spieltag in eigener Halle eine knappe Niederlage gegen Cronenberg II gab, stand nun Cronenberg I als [&hellip;]<\/p>\n","protected":false},"author":1,"featured_media":0,"comment_status":"closed","ping_status":"closed","sticky":false,"template":"","format":"standard","meta":{"_uag_custom_page_level_css":"","site-sidebar-layout":"default","site-content-layout":"","ast-site-content-layout":"","site-content-style":"default","site-sidebar-style":"default","ast-global-header-display":"","ast-banner-title-visibility":"","ast-main-header-display":"","ast-hfb-above-header-display":"","ast-hfb-below-header-display":"","ast-hfb-mobile-header-display":"","site-post-title":"","ast-breadcrumbs-content":"","ast-featured-img":"","footer-sml-layout":"","theme-transparent-header-meta":"","adv-header-id-meta":"","stick-header-meta":"","header-above-stick-meta":"","header-main-stick-meta":"","header-below-stick-meta":"","astra-migrate-meta-layouts":"default","ast-page-background-enabled":"default","ast-page-background-meta":{"desktop":{"background-color":"var(--ast-global-color-5)","background-image":"","background-repeat":"repeat","background-position":"center center","background-size":"auto","background-attachment":"scroll","background-type":"","background-media":"","overlay-type":"","overlay-color":"","overlay-opacity":"","overlay-gradient":""},"tablet":{"background-color":"","background-image":"","background-repeat":"repeat","background-position":"center center","background-size":"auto","background-attachment":"scroll","background-type":"","background-media":"","overlay-type":"","overlay-color":"","overlay-opacity":"","overlay-gradient":""},"mobile":{"background-color":"","background-image":"","background-repeat":"repeat","background-position":"center center","background-size":"auto","background-attachment":"scroll","background-type":"","background-media":"","overlay-type":"","overlay-color":"","overlay-opacity":"","overlay-gradient":""}},"ast-content-background-meta":{"desktop":{"background-color":"var(--ast-global-color-4)","background-image":"","background-repeat":"repeat","background-position":"center center","background-size":"auto","background-attachment":"scroll","background-type":"","background-media":"","overlay-type":"","overlay-color":"","overlay-opacity":"","overlay-gradient":""},"tablet":{"background-color":"var(--ast-global-color-4)","background-image":"","background-repeat":"repeat","background-position":"center center","background-size":"auto","background-attachment":"scroll","background-type":"","background-media":"","overlay-type":"","overlay-color":"","overlay-opacity":"","overlay-gradient":""},"mobile":{"background-color":"var(--ast-global-color-4)","background-image":"","background-repeat":"repeat","background-position":"center center","background-size":"auto","background-attachment":"scroll","background-type":"","background-media":"","overlay-type":"","overlay-color":"","overlay-opacity":"","overlay-gradient":""}},"footnotes":""},"categories":[20],"tags":[],"class_list":["post-2181","post","type-post","status-publish","format-standard","hentry","category-u17"],"uagb_featured_image_src":{"full":false,"thumbnail":false,"medium":false,"medium_large":false,"large":false,"1536x1536":false,"2048x2048":false},"uagb_author_info":{"display_name":"rhAdmin@wp","author_link":"https:\/\/tus-nord.de\/tus2\/author\/rhadminwp\/"},"uagb_comment_info":0,"uagb_excerpt":"Nachdem es am letzten Spieltag in eigener Halle eine knappe Niederlage gegen Cronenberg II gab, stand nun Cronenberg I als [&hellip;]","_links":{"self":[{"href":"https:\/\/tus-nord.de\/tus2\/wp-json\/wp\/v2\/posts\/2181","targetHints":{"allow":["GET"]}}],"collection":[{"href":"https:\/\/tus-nord.de\/tus2\/wp-json\/wp\/v2\/posts"}],"about":[{"href":"https:\/\/tus-nord.de\/tus2\/wp-json\/wp\/v2\/types\/post"}],"author":[{"embeddable":true,"href":"https:\/\/tus-nord.de\/tus2\/wp-json\/wp\/v2\/users\/1"}],"replies":[{"embeddable":true,"href":"https:\/\/tus-nord.de\/tus2\/wp-json\/wp\/v2\/comments?post=2181"}],"version-history":[{"count":4,"href":"https:\/\/tus-nord.de\/tus2\/wp-json\/wp\/v2\/posts\/2181\/revisions"}],"predecessor-version":[{"id":2187,"href":"https:\/\/tus-nord.de\/tus2\/wp-json\/wp\/v2\/posts\/2181\/revisions\/2187"}],"wp:attachment":[{"href":"https:\/\/tus-nord.de\/tus2\/wp-json\/wp\/v2\/media?parent=2181"}],"wp:term":[{"taxonomy":"category","embeddable":true,"href":"https:\/\/tus-nord.de\/tus2\/wp-json\/wp\/v2\/categories?post=2181"},{"taxonomy":"post_tag","embeddable":true,"href":"https:\/\/tus-nord.de\/tus2\/wp-json\/wp\/v2\/tags?post=2181"}],"curies":[{"name":"wp","href":"https:\/\/api.w.org\/{rel}","templated":true}]}}